{"id":251,"date":"2020-02-17T21:55:09","date_gmt":"2020-02-17T20:55:09","guid":{"rendered":"https:\/\/heidenzorn.omasiso.de\/stuff\/?p=251"},"modified":"2020-03-29T18:46:11","modified_gmt":"2020-03-29T16:46:11","slug":"die-juedisch-christlichen-werte-sind-slaven","status":"publish","type":"post","link":"https:\/\/heidenzorn.omasiso.de\/stuff\/index.php\/2020\/02\/17\/die-juedisch-christlichen-werte-sind-slaven\/","title":{"rendered":"Die j\u00fcdisch christlichen Werte sind Slaven!"},"content":{"rendered":"\n<figure class=\"wp-block-image\"><img decoding=\"async\" src=\"https:\/\/jachwe.files.wordpress.com\/2018\/11\/sklave.jpg\" alt=\"Bildergebnis f\u00fcr sklave\"\/><\/figure>\n\n\n\n<p>Wer sich immer gefragt hat was die oft zitierten j\u00fcdisch-christlichen Werte sind, findet in diesem kurzen Beitrag die ersch\u00f6pfende Antwort.<br><br>Wir leben leider in einem v\u00f6lligen L\u00fcgenpfuhl und das mindestens seit 1500 Jahren, der Pfuhl durch sumpft all unsere Vorstellungen \u00fcber Zivilisation und Geschichte. Die sogenannte Christianisierung die uns und dem Rest der Welt als Grundstein europ\u00e4ischer Zivilisation verkauft wird, kam mit V\u00f6lkermord und Gewalt durch Karl &#8222;dem Gro\u00dfem&#8220; nach Europa.  Die Katholische Kirche war nie christlich im Sinne der Evangelien, sondern scheint von Anfang an ein j\u00fcdisches Herrschaftsinstrument r\u00f6mischer Talmud-Juden gewesen zu sein. Bis Martin Luther sie \u00fcbersetzte war die Lekt\u00fcre der Evangelien nur katholischen Priester m\u00f6glich\/erlaubt und war sonst als H\u00e4resie verboten.<br><br>Der Talmud definiert Juden als Juden \u00fcber das Vorhanden sein einer j\u00fcdischen Mutter bis Ur-Urgro\u00dfmutter.  Das Vorgehen der Talmuds, die in der sogenannten Diaspora auch zur Zeit Roms bereits einen bis nach Asien reichenden Goldhandel aufgebaut hatten, war, das sie ihre Frauen an wohlhabende Nichtjuden verheirateten und einige Generationen sp\u00e4ter die Nachkommen mit Gold und der \u00dcberraschung verbl\u00fcfften das sie Juden w\u00e4ren. So auch Karl Martell  der dann in ganz Europa seine ehemaligen deutschen Stammesbr\u00fcder nieder metzelte oder\/und j\u00fcdischen Sklavenh\u00e4ndlern als Sklaven \u00fcbergab, daher stammt dann auch das Wort<a href=\"http:\/\/www.woerterbuchnetz.de\/DWB?lemma=slave\"> Slave<\/a> (Grimms Deutsches W\u00f6rterbuch). Slaven (Sklaven) waren die Kelten\/Germanen\/Arier im Osten Europas die von der katholischen Kirche und Martells Schergen nicht erreicht wurden, sie wurden j\u00fcdischen Sklavenh\u00e4ndler als Sklaven \u00fcberlassen, die von Karl das Sklavenmonopol f\u00fcr diesen Sklavenhandel bekommen hatten.  Das sind also die Slaven!<br><br>Ist das tats\u00e4chlich so gewesen?!<br><br>Bischoff Agobard schrieb als Zeitzeuge dar\u00fcber folgendes an Karl Martell:<br><\/p>\n\n\n\n<figure class=\"wp-block-image size-large is-resized\"><img loading=\"lazy\" decoding=\"async\" src=\"https:\/\/heidenzorn.omasiso.de\/stuff\/wp-content\/uploads\/2020\/02\/grafik.png\" alt=\"\" class=\"wp-image-254\" width=\"654\" height=\"588\" srcset=\"https:\/\/heidenzorn.omasiso.de\/stuff\/wp-content\/uploads\/2020\/02\/grafik.png 661w, https:\/\/heidenzorn.omasiso.de\/stuff\/wp-content\/uploads\/2020\/02\/grafik-300x270.png 300w\" sizes=\"auto, (max-width: 654px) 100vw, 654px\" \/><figcaption><a href=\"https:\/\/archive.org\/details\/Ney-Johannes-Der-Sklavenhandel-Eine-Spezialitaet-der-Juden\">Auszug aus &#8222;Der Sklavenhandel eine Spezialti\u00e4t der Juden&#8220; <\/a><\/figcaption><\/figure>\n\n\n\n<p>Die j\u00fcdisch christlichen Werte liegen also im Osten Europas, es sind die Slaven. <\/p>\n","protected":false},"excerpt":{"rendered":"<p>Wer sich immer gefragt hat was die oft zitierten j\u00fcdisch-christlichen Werte sind, findet in diesem kurzen Beitrag die ersch\u00f6pfende Antwort. Wir leben leider in einem v\u00f6lligen L\u00fcgenpfuhl und das mindestens seit 1500 Jahren, der Pfuhl durch sumpft all unsere Vorstellungen \u00fcber Zivilisation und Geschichte. Die sogenannte Christianisierung die uns und dem Rest der Welt als Grundstein europ\u00e4ischer Zivilisation verkauft wird,<\/p>\n","protected":false},"author":1,"featured_media":0,"comment_status":"open","ping_status":"open","sticky":false,"template":"","format":"standard","meta":{"_jetpack_memberships_contains_paid_content":false,"footnotes":""},"categories":[1],"tags":[3,21,20,19,23,22],"class_list":["post-251","post","type-post","status-publish","format-standard","hentry","category-allgemein","tag-freimaurerei","tag-karl-der-grosse","tag-martell","tag-sklaverei","tag-slaven","tag-talmud"],"jetpack_featured_media_url":"","jetpack_sharing_enabled":true,"_links":{"self":[{"href":"https:\/\/heidenzorn.omasiso.de\/stuff\/index.php\/wp-json\/wp\/v2\/posts\/251","targetHints":{"allow":["GET"]}}],"collection":[{"href":"https:\/\/heidenzorn.omasiso.de\/stuff\/index.php\/wp-json\/wp\/v2\/posts"}],"about":[{"href":"https:\/\/heidenzorn.omasiso.de\/stuff\/index.php\/wp-json\/wp\/v2\/types\/post"}],"author":[{"embeddable":true,"href":"https:\/\/heidenzorn.omasiso.de\/stuff\/index.php\/wp-json\/wp\/v2\/users\/1"}],"replies":[{"embeddable":true,"href":"https:\/\/heidenzorn.omasiso.de\/stuff\/index.php\/wp-json\/wp\/v2\/comments?post=251"}],"version-history":[{"count":16,"href":"https:\/\/heidenzorn.omasiso.de\/stuff\/index.php\/wp-json\/wp\/v2\/posts\/251\/revisions"}],"predecessor-version":[{"id":569,"href":"https:\/\/heidenzorn.omasiso.de\/stuff\/index.php\/wp-json\/wp\/v2\/posts\/251\/revisions\/569"}],"wp:attachment":[{"href":"https:\/\/heidenzorn.omasiso.de\/stuff\/index.php\/wp-json\/wp\/v2\/media?parent=251"}],"wp:term":[{"taxonomy":"category","embeddable":true,"href":"https:\/\/heidenzorn.omasiso.de\/stuff\/index.php\/wp-json\/wp\/v2\/categories?post=251"},{"taxonomy":"post_tag","embeddable":true,"href":"https:\/\/heidenzorn.omasiso.de\/stuff\/index.php\/wp-json\/wp\/v2\/tags?post=251"}],"curies":[{"name":"wp","href":"https:\/\/api.w.org\/{rel}","templated":true}]}}